{"id":3612,"date":"2025-08-03T00:00:20","date_gmt":"2025-08-03T00:00:20","guid":{"rendered":"https:\/\/suparosario.com\/web\/?p=3612"},"modified":"2025-07-31T22:27:32","modified_gmt":"2025-07-31T22:27:32","slug":"%f0%9f%94%b4%e2%9a%aa%f0%9f%94%b5-3-de-agosto-dia-de-la-bandera-de-santa-fe-%f0%9f%94%b4%e2%9a%aa%f0%9f%94%b5-2","status":"publish","type":"post","link":"https:\/\/suparosario.com\/web\/2025\/08\/03\/%f0%9f%94%b4%e2%9a%aa%f0%9f%94%b5-3-de-agosto-dia-de-la-bandera-de-santa-fe-%f0%9f%94%b4%e2%9a%aa%f0%9f%94%b5-2\/","title":{"rendered":"&#x1f534;&#x26aa;&#x1f535; 3 de Agosto &#8211; D\u00eda de la Bandera de Santa Fe &#x1f534;&#x26aa;&#x1f535;"},"content":{"rendered":"\n<p>&#x1f64c; Hoy celebramos con orgullo el <strong>D\u00eda de la Bandera de Santa Fe<\/strong>, s\u00edmbolo de nuestra historia y de nuestra identidad provincial. &#x1f64c;<\/p>\n\n\n\n<p>Esta bandera, con su dise\u00f1o y colores, refleja la lucha hist\u00f3rica por la <strong>autonom\u00eda santafesina<\/strong>, defendida con firmeza frente a los intentos de concentraci\u00f3n del poder tras la Revoluci\u00f3n de Mayo. Fue y sigue siendo emblema de la construcci\u00f3n del esp\u00edritu santafesino.<\/p>\n\n\n\n<p>&#x1f64c; El 22 de agosto de 1822, bajo el liderazgo de <strong>Estanislao L\u00f3pez<\/strong>, la Honorable Junta de Representantes aprob\u00f3 oficialmente el pabell\u00f3n que, desde entonces, representa con orgullo a la <strong>Provincia Invencible de Santa Fe<\/strong>. &#x1f64c;<\/p>\n\n\n\n<p>&#x1f534;&#x26aa;&#x1f535; Siempre en lo m\u00e1s alto, hoy y todos los d\u00edas del a\u00f1o &#x1f534;&#x26aa;&#x1f535;<\/p>\n\n\n\n<p>&#x1f44d; <strong>C\u00e9sar Aybar Conducci\u00f3n<\/strong><\/p>\n","protected":false},"excerpt":{"rendered":"<p>&#x1f64c; Hoy celebramos con orgullo el D\u00eda de la Bandera de Santa Fe, s\u00edmbolo de nuestra historia y de nuestra identidad provincial. &#x1f64c; Esta bandera, con su dise\u00f1o y colores, refleja la lucha hist\u00f3rica por la autonom\u00eda santafesina, defendida con firmeza frente a los intentos de concentraci\u00f3n del poder tras la Revoluci\u00f3n de Mayo. Fue [&hellip;]<\/p>\n","protected":false},"author":2,"featured_media":3613,"comment_status":"open","ping_status":"open","sticky":false,"template":"","format":"standard","meta":{"footnotes":""},"categories":[63],"tags":[135],"class_list":["post-3612","post","type-post","status-publish","format-standard","has-post-thumbnail","hentry","category-novedades","tag-dia-de-la-bandera-de-santa-fe"],"yoast_head":"<!-- This site is optimized with the Yoast SEO plugin v27.5 - https:\/\/yoast.com\/product\/yoast-seo-wordpress\/ -->\n<title>&#x1f534;&#x26aa;&#x1f535; 3 de Agosto - D\u00eda de la Bandera de Santa Fe &#x1f534;&#x26aa;&#x1f535; - SINDICATO UNIDOS PORTUARIOS ARGENTINOS<\/title>\n<meta name=\"robots\" content=\"index, follow, max-snippet:-1, max-image-preview:large, max-video-preview:-1\" \/>\n<link rel=\"canonical\" href=\"https:\/\/suparosario.com\/web\/2025\/08\/03\/\ud83d\udd34\u26aa\ud83d\udd35-3-de-agosto-dia-de-la-bandera-de-santa-fe-\ud83d\udd34\u26aa\ud83d\udd35-2\/\" \/>\n<meta property=\"og:locale\" content=\"es_ES\" \/>\n<meta property=\"og:type\" content=\"article\" \/>\n<meta property=\"og:title\" content=\"&#x1f534;&#x26aa;&#x1f535; 3 de Agosto - D\u00eda de la Bandera de Santa Fe &#x1f534;&#x26aa;&#x1f535; - SINDICATO UNIDOS PORTUARIOS ARGENTINOS\" \/>\n<meta property=\"og:description\" content=\"&#x1f64c; Hoy celebramos con orgullo el D\u00eda de la Bandera de Santa Fe, s\u00edmbolo de nuestra historia y de nuestra identidad provincial. &#x1f64c; Esta bandera, con su dise\u00f1o y colores, refleja la lucha hist\u00f3rica por la autonom\u00eda santafesina, defendida con firmeza frente a los intentos de concentraci\u00f3n del poder tras la Revoluci\u00f3n de Mayo. Fue [&hellip;]\" \/>\n<meta property=\"og:url\" content=\"https:\/\/suparosario.com\/web\/2025\/08\/03\/\ud83d\udd34\u26aa\ud83d\udd35-3-de-agosto-dia-de-la-bandera-de-santa-fe-\ud83d\udd34\u26aa\ud83d\udd35-2\/\" \/>\n<meta property=\"og:site_name\" content=\"SINDICATO UNIDOS PORTUARIOS ARGENTINOS\" \/>\n<meta property=\"article:published_time\" content=\"2025-08-03T00:00:20+00:00\" \/>\n<meta property=\"og:image\" content=\"https:\/\/suparosario.com\/web\/wp-content\/uploads\/2025\/07\/bandera.png\" \/>\n\t<meta property=\"og:image:width\" content=\"1080\" \/>\n\t<meta property=\"og:image:height\" content=\"1350\" \/>\n\t<meta property=\"og:image:type\" content=\"image\/png\" \/>\n<meta name=\"author\" content=\"c2391381\" \/>\n<meta name=\"twitter:card\" content=\"summary_large_image\" \/>\n<meta name=\"twitter:label1\" content=\"Escrito por\" \/>\n\t<meta name=\"twitter:data1\" content=\"c2391381\" \/>\n\t<meta name=\"twitter:label2\" content=\"Tiempo de lectura\" \/>\n\t<meta name=\"twitter:data2\" content=\"1 minuto\" \/>\n<script type=\"application\/ld+json\" class=\"yoast-schema-graph\">{\"@context\":\"https:\\\/\\\/schema.org\",\"@graph\":[{\"@type\":\"Article\",\"@id\":\"https:\\\/\\\/suparosario.com\\\/web\\\/2025\\\/08\\\/03\\\/%f0%9f%94%b4%e2%9a%aa%f0%9f%94%b5-3-de-agosto-dia-de-la-bandera-de-santa-fe-%f0%9f%94%b4%e2%9a%aa%f0%9f%94%b5-2\\\/#article\",\"isPartOf\":{\"@id\":\"https:\\\/\\\/suparosario.com\\\/web\\\/2025\\\/08\\\/03\\\/%f0%9f%94%b4%e2%9a%aa%f0%9f%94%b5-3-de-agosto-dia-de-la-bandera-de-santa-fe-%f0%9f%94%b4%e2%9a%aa%f0%9f%94%b5-2\\\/\"},\"author\":{\"name\":\"c2391381\",\"@id\":\"https:\\\/\\\/suparosario.com\\\/web\\\/#\\\/schema\\\/person\\\/719dbdb10dbc4306dce8392efb8b480f\"},\"headline\":\"&#x1f534;&#x26aa;&#x1f535; 3 de Agosto &#8211; D\u00eda de la Bandera de Santa Fe &#x1f534;&#x26aa;&#x1f535;\",\"datePublished\":\"2025-08-03T00:00:20+00:00\",\"mainEntityOfPage\":{\"@id\":\"https:\\\/\\\/suparosario.com\\\/web\\\/2025\\\/08\\\/03\\\/%f0%9f%94%b4%e2%9a%aa%f0%9f%94%b5-3-de-agosto-dia-de-la-bandera-de-santa-fe-%f0%9f%94%b4%e2%9a%aa%f0%9f%94%b5-2\\\/\"},\"wordCount\":176,\"commentCount\":0,\"publisher\":{\"@id\":\"https:\\\/\\\/suparosario.com\\\/web\\\/#organization\"},\"image\":{\"@id\":\"https:\\\/\\\/suparosario.com\\\/web\\\/2025\\\/08\\\/03\\\/%f0%9f%94%b4%e2%9a%aa%f0%9f%94%b5-3-de-agosto-dia-de-la-bandera-de-santa-fe-%f0%9f%94%b4%e2%9a%aa%f0%9f%94%b5-2\\\/#primaryimage\"},\"thumbnailUrl\":\"https:\\\/\\\/suparosario.com\\\/web\\\/wp-content\\\/uploads\\\/2025\\\/07\\\/bandera.png\",\"keywords\":[\"D\u00eda de la Bandera de Santa Fe\"],\"articleSection\":[\"Novedades\"],\"inLanguage\":\"es\",\"potentialAction\":[{\"@type\":\"CommentAction\",\"name\":\"Comment\",\"target\":[\"https:\\\/\\\/suparosario.com\\\/web\\\/2025\\\/08\\\/03\\\/%f0%9f%94%b4%e2%9a%aa%f0%9f%94%b5-3-de-agosto-dia-de-la-bandera-de-santa-fe-%f0%9f%94%b4%e2%9a%aa%f0%9f%94%b5-2\\\/#respond\"]}]},{\"@type\":\"WebPage\",\"@id\":\"https:\\\/\\\/suparosario.com\\\/web\\\/2025\\\/08\\\/03\\\/%f0%9f%94%b4%e2%9a%aa%f0%9f%94%b5-3-de-agosto-dia-de-la-bandera-de-santa-fe-%f0%9f%94%b4%e2%9a%aa%f0%9f%94%b5-2\\\/\",\"url\":\"https:\\\/\\\/suparosario.com\\\/web\\\/2025\\\/08\\\/03\\\/%f0%9f%94%b4%e2%9a%aa%f0%9f%94%b5-3-de-agosto-dia-de-la-bandera-de-santa-fe-%f0%9f%94%b4%e2%9a%aa%f0%9f%94%b5-2\\\/\",\"name\":\"&#x1f534;&#x26aa;&#x1f535; 3 de Agosto - D\u00eda de la Bandera de Santa Fe &#x1f534;&#x26aa;&#x1f535; - SINDICATO UNIDOS PORTUARIOS ARGENTINOS\",\"isPartOf\":{\"@id\":\"https:\\\/\\\/suparosario.com\\\/web\\\/#website\"},\"primaryImageOfPage\":{\"@id\":\"https:\\\/\\\/suparosario.com\\\/web\\\/2025\\\/08\\\/03\\\/%f0%9f%94%b4%e2%9a%aa%f0%9f%94%b5-3-de-agosto-dia-de-la-bandera-de-santa-fe-%f0%9f%94%b4%e2%9a%aa%f0%9f%94%b5-2\\\/#primaryimage\"},\"image\":{\"@id\":\"https:\\\/\\\/suparosario.com\\\/web\\\/2025\\\/08\\\/03\\\/%f0%9f%94%b4%e2%9a%aa%f0%9f%94%b5-3-de-agosto-dia-de-la-bandera-de-santa-fe-%f0%9f%94%b4%e2%9a%aa%f0%9f%94%b5-2\\\/#primaryimage\"},\"thumbnailUrl\":\"https:\\\/\\\/suparosario.com\\\/web\\\/wp-content\\\/uploads\\\/2025\\\/07\\\/bandera.png\",\"datePublished\":\"2025-08-03T00:00:20+00:00\",\"breadcrumb\":{\"@id\":\"https:\\\/\\\/suparosario.com\\\/web\\\/2025\\\/08\\\/03\\\/%f0%9f%94%b4%e2%9a%aa%f0%9f%94%b5-3-de-agosto-dia-de-la-bandera-de-santa-fe-%f0%9f%94%b4%e2%9a%aa%f0%9f%94%b5-2\\\/#breadcrumb\"},\"inLanguage\":\"es\",\"potentialAction\":[{\"@type\":\"ReadAction\",\"target\":[\"https:\\\/\\\/suparosario.com\\\/web\\\/2025\\\/08\\\/03\\\/%f0%9f%94%b4%e2%9a%aa%f0%9f%94%b5-3-de-agosto-dia-de-la-bandera-de-santa-fe-%f0%9f%94%b4%e2%9a%aa%f0%9f%94%b5-2\\\/\"]}]},{\"@type\":\"ImageObject\",\"inLanguage\":\"es\",\"@id\":\"https:\\\/\\\/suparosario.com\\\/web\\\/2025\\\/08\\\/03\\\/%f0%9f%94%b4%e2%9a%aa%f0%9f%94%b5-3-de-agosto-dia-de-la-bandera-de-santa-fe-%f0%9f%94%b4%e2%9a%aa%f0%9f%94%b5-2\\\/#primaryimage\",\"url\":\"https:\\\/\\\/suparosario.com\\\/web\\\/wp-content\\\/uploads\\\/2025\\\/07\\\/bandera.png\",\"contentUrl\":\"https:\\\/\\\/suparosario.com\\\/web\\\/wp-content\\\/uploads\\\/2025\\\/07\\\/bandera.png\",\"width\":1080,\"height\":1350},{\"@type\":\"BreadcrumbList\",\"@id\":\"https:\\\/\\\/suparosario.com\\\/web\\\/2025\\\/08\\\/03\\\/%f0%9f%94%b4%e2%9a%aa%f0%9f%94%b5-3-de-agosto-dia-de-la-bandera-de-santa-fe-%f0%9f%94%b4%e2%9a%aa%f0%9f%94%b5-2\\\/#breadcrumb\",\"itemListElement\":[{\"@type\":\"ListItem\",\"position\":1,\"name\":\"Inicio\",\"item\":\"https:\\\/\\\/suparosario.com\\\/web\\\/\"},{\"@type\":\"ListItem\",\"position\":2,\"name\":\"&#x1f534;&#x26aa;&#x1f535; 3 de Agosto &#8211; D\u00eda de la Bandera de Santa Fe &#x1f534;&#x26aa;&#x1f535;\"}]},{\"@type\":\"WebSite\",\"@id\":\"https:\\\/\\\/suparosario.com\\\/web\\\/#website\",\"url\":\"https:\\\/\\\/suparosario.com\\\/web\\\/\",\"name\":\"SINDICATO UNIDOS PORTUARIOS ARGENTINOS\",\"description\":\"\",\"publisher\":{\"@id\":\"https:\\\/\\\/suparosario.com\\\/web\\\/#organization\"},\"potentialAction\":[{\"@type\":\"SearchAction\",\"target\":{\"@type\":\"EntryPoint\",\"urlTemplate\":\"https:\\\/\\\/suparosario.com\\\/web\\\/?s={search_term_string}\"},\"query-input\":{\"@type\":\"PropertyValueSpecification\",\"valueRequired\":true,\"valueName\":\"search_term_string\"}}],\"inLanguage\":\"es\"},{\"@type\":\"Organization\",\"@id\":\"https:\\\/\\\/suparosario.com\\\/web\\\/#organization\",\"name\":\"SINDICATO UNIDOS PORTUARIOS ARGENTINOS\",\"url\":\"https:\\\/\\\/suparosario.com\\\/web\\\/\",\"logo\":{\"@type\":\"ImageObject\",\"inLanguage\":\"es\",\"@id\":\"https:\\\/\\\/suparosario.com\\\/web\\\/#\\\/schema\\\/logo\\\/image\\\/\",\"url\":\"https:\\\/\\\/suparosario.com\\\/web\\\/wp-content\\\/uploads\\\/2025\\\/12\\\/LOGO-NUEVO.png\",\"contentUrl\":\"https:\\\/\\\/suparosario.com\\\/web\\\/wp-content\\\/uploads\\\/2025\\\/12\\\/LOGO-NUEVO.png\",\"width\":300,\"height\":375,\"caption\":\"SINDICATO UNIDOS PORTUARIOS ARGENTINOS\"},\"image\":{\"@id\":\"https:\\\/\\\/suparosario.com\\\/web\\\/#\\\/schema\\\/logo\\\/image\\\/\"}},{\"@type\":\"Person\",\"@id\":\"https:\\\/\\\/suparosario.com\\\/web\\\/#\\\/schema\\\/person\\\/719dbdb10dbc4306dce8392efb8b480f\",\"name\":\"c2391381\",\"image\":{\"@type\":\"ImageObject\",\"inLanguage\":\"es\",\"@id\":\"https:\\\/\\\/secure.gravatar.com\\\/avatar\\\/a6439a173e3c507b742e7eabe0bfe6816c7bc094df47b057f430064f25693c3b?s=80&d=mm&r=g\",\"url\":\"https:\\\/\\\/secure.gravatar.com\\\/avatar\\\/a6439a173e3c507b742e7eabe0bfe6816c7bc094df47b057f430064f25693c3b?s=80&d=mm&r=g\",\"contentUrl\":\"https:\\\/\\\/secure.gravatar.com\\\/avatar\\\/a6439a173e3c507b742e7eabe0bfe6816c7bc094df47b057f430064f25693c3b?s=80&d=mm&r=g\",\"caption\":\"c2391381\"},\"url\":\"https:\\\/\\\/suparosario.com\\\/web\\\/author\\\/c2391381\\\/\"}]}<\/script>\n<!-- \/ Yoast SEO plugin. -->","yoast_head_json":{"title":"&#x1f534;&#x26aa;&#x1f535; 3 de Agosto - D\u00eda de la Bandera de Santa Fe &#x1f534;&#x26aa;&#x1f535; - SINDICATO UNIDOS PORTUARIOS ARGENTINOS","robots":{"index":"index","follow":"follow","max-snippet":"max-snippet:-1","max-image-preview":"max-image-preview:large","max-video-preview":"max-video-preview:-1"},"canonical":"https:\/\/suparosario.com\/web\/2025\/08\/03\/\ud83d\udd34\u26aa\ud83d\udd35-3-de-agosto-dia-de-la-bandera-de-santa-fe-\ud83d\udd34\u26aa\ud83d\udd35-2\/","og_locale":"es_ES","og_type":"article","og_title":"&#x1f534;&#x26aa;&#x1f535; 3 de Agosto - D\u00eda de la Bandera de Santa Fe &#x1f534;&#x26aa;&#x1f535; - SINDICATO UNIDOS PORTUARIOS ARGENTINOS","og_description":"&#x1f64c; Hoy celebramos con orgullo el D\u00eda de la Bandera de Santa Fe, s\u00edmbolo de nuestra historia y de nuestra identidad provincial. &#x1f64c; Esta bandera, con su dise\u00f1o y colores, refleja la lucha hist\u00f3rica por la autonom\u00eda santafesina, defendida con firmeza frente a los intentos de concentraci\u00f3n del poder tras la Revoluci\u00f3n de Mayo. Fue [&hellip;]","og_url":"https:\/\/suparosario.com\/web\/2025\/08\/03\/\ud83d\udd34\u26aa\ud83d\udd35-3-de-agosto-dia-de-la-bandera-de-santa-fe-\ud83d\udd34\u26aa\ud83d\udd35-2\/","og_site_name":"SINDICATO UNIDOS PORTUARIOS ARGENTINOS","article_published_time":"2025-08-03T00:00:20+00:00","og_image":[{"width":1080,"height":1350,"url":"https:\/\/suparosario.com\/web\/wp-content\/uploads\/2025\/07\/bandera.png","type":"image\/png"}],"author":"c2391381","twitter_card":"summary_large_image","twitter_misc":{"Escrito por":"c2391381","Tiempo de lectura":"1 minuto"},"schema":{"@context":"https:\/\/schema.org","@graph":[{"@type":"Article","@id":"https:\/\/suparosario.com\/web\/2025\/08\/03\/%f0%9f%94%b4%e2%9a%aa%f0%9f%94%b5-3-de-agosto-dia-de-la-bandera-de-santa-fe-%f0%9f%94%b4%e2%9a%aa%f0%9f%94%b5-2\/#article","isPartOf":{"@id":"https:\/\/suparosario.com\/web\/2025\/08\/03\/%f0%9f%94%b4%e2%9a%aa%f0%9f%94%b5-3-de-agosto-dia-de-la-bandera-de-santa-fe-%f0%9f%94%b4%e2%9a%aa%f0%9f%94%b5-2\/"},"author":{"name":"c2391381","@id":"https:\/\/suparosario.com\/web\/#\/schema\/person\/719dbdb10dbc4306dce8392efb8b480f"},"headline":"&#x1f534;&#x26aa;&#x1f535; 3 de Agosto &#8211; D\u00eda de la Bandera de Santa Fe &#x1f534;&#x26aa;&#x1f535;","datePublished":"2025-08-03T00:00:20+00:00","mainEntityOfPage":{"@id":"https:\/\/suparosario.com\/web\/2025\/08\/03\/%f0%9f%94%b4%e2%9a%aa%f0%9f%94%b5-3-de-agosto-dia-de-la-bandera-de-santa-fe-%f0%9f%94%b4%e2%9a%aa%f0%9f%94%b5-2\/"},"wordCount":176,"commentCount":0,"publisher":{"@id":"https:\/\/suparosario.com\/web\/#organization"},"image":{"@id":"https:\/\/suparosario.com\/web\/2025\/08\/03\/%f0%9f%94%b4%e2%9a%aa%f0%9f%94%b5-3-de-agosto-dia-de-la-bandera-de-santa-fe-%f0%9f%94%b4%e2%9a%aa%f0%9f%94%b5-2\/#primaryimage"},"thumbnailUrl":"https:\/\/suparosario.com\/web\/wp-content\/uploads\/2025\/07\/bandera.png","keywords":["D\u00eda de la Bandera de Santa Fe"],"articleSection":["Novedades"],"inLanguage":"es","potentialAction":[{"@type":"CommentAction","name":"Comment","target":["https:\/\/suparosario.com\/web\/2025\/08\/03\/%f0%9f%94%b4%e2%9a%aa%f0%9f%94%b5-3-de-agosto-dia-de-la-bandera-de-santa-fe-%f0%9f%94%b4%e2%9a%aa%f0%9f%94%b5-2\/#respond"]}]},{"@type":"WebPage","@id":"https:\/\/suparosario.com\/web\/2025\/08\/03\/%f0%9f%94%b4%e2%9a%aa%f0%9f%94%b5-3-de-agosto-dia-de-la-bandera-de-santa-fe-%f0%9f%94%b4%e2%9a%aa%f0%9f%94%b5-2\/","url":"https:\/\/suparosario.com\/web\/2025\/08\/03\/%f0%9f%94%b4%e2%9a%aa%f0%9f%94%b5-3-de-agosto-dia-de-la-bandera-de-santa-fe-%f0%9f%94%b4%e2%9a%aa%f0%9f%94%b5-2\/","name":"&#x1f534;&#x26aa;&#x1f535; 3 de Agosto - D\u00eda de la Bandera de Santa Fe &#x1f534;&#x26aa;&#x1f535; - SINDICATO UNIDOS PORTUARIOS ARGENTINOS","isPartOf":{"@id":"https:\/\/suparosario.com\/web\/#website"},"primaryImageOfPage":{"@id":"https:\/\/suparosario.com\/web\/2025\/08\/03\/%f0%9f%94%b4%e2%9a%aa%f0%9f%94%b5-3-de-agosto-dia-de-la-bandera-de-santa-fe-%f0%9f%94%b4%e2%9a%aa%f0%9f%94%b5-2\/#primaryimage"},"image":{"@id":"https:\/\/suparosario.com\/web\/2025\/08\/03\/%f0%9f%94%b4%e2%9a%aa%f0%9f%94%b5-3-de-agosto-dia-de-la-bandera-de-santa-fe-%f0%9f%94%b4%e2%9a%aa%f0%9f%94%b5-2\/#primaryimage"},"thumbnailUrl":"https:\/\/suparosario.com\/web\/wp-content\/uploads\/2025\/07\/bandera.png","datePublished":"2025-08-03T00:00:20+00:00","breadcrumb":{"@id":"https:\/\/suparosario.com\/web\/2025\/08\/03\/%f0%9f%94%b4%e2%9a%aa%f0%9f%94%b5-3-de-agosto-dia-de-la-bandera-de-santa-fe-%f0%9f%94%b4%e2%9a%aa%f0%9f%94%b5-2\/#breadcrumb"},"inLanguage":"es","potentialAction":[{"@type":"ReadAction","target":["https:\/\/suparosario.com\/web\/2025\/08\/03\/%f0%9f%94%b4%e2%9a%aa%f0%9f%94%b5-3-de-agosto-dia-de-la-bandera-de-santa-fe-%f0%9f%94%b4%e2%9a%aa%f0%9f%94%b5-2\/"]}]},{"@type":"ImageObject","inLanguage":"es","@id":"https:\/\/suparosario.com\/web\/2025\/08\/03\/%f0%9f%94%b4%e2%9a%aa%f0%9f%94%b5-3-de-agosto-dia-de-la-bandera-de-santa-fe-%f0%9f%94%b4%e2%9a%aa%f0%9f%94%b5-2\/#primaryimage","url":"https:\/\/suparosario.com\/web\/wp-content\/uploads\/2025\/07\/bandera.png","contentUrl":"https:\/\/suparosario.com\/web\/wp-content\/uploads\/2025\/07\/bandera.png","width":1080,"height":1350},{"@type":"BreadcrumbList","@id":"https:\/\/suparosario.com\/web\/2025\/08\/03\/%f0%9f%94%b4%e2%9a%aa%f0%9f%94%b5-3-de-agosto-dia-de-la-bandera-de-santa-fe-%f0%9f%94%b4%e2%9a%aa%f0%9f%94%b5-2\/#breadcrumb","itemListElement":[{"@type":"ListItem","position":1,"name":"Inicio","item":"https:\/\/suparosario.com\/web\/"},{"@type":"ListItem","position":2,"name":"&#x1f534;&#x26aa;&#x1f535; 3 de Agosto &#8211; D\u00eda de la Bandera de Santa Fe &#x1f534;&#x26aa;&#x1f535;"}]},{"@type":"WebSite","@id":"https:\/\/suparosario.com\/web\/#website","url":"https:\/\/suparosario.com\/web\/","name":"SINDICATO UNIDOS PORTUARIOS ARGENTINOS","description":"","publisher":{"@id":"https:\/\/suparosario.com\/web\/#organization"},"potentialAction":[{"@type":"SearchAction","target":{"@type":"EntryPoint","urlTemplate":"https:\/\/suparosario.com\/web\/?s={search_term_string}"},"query-input":{"@type":"PropertyValueSpecification","valueRequired":true,"valueName":"search_term_string"}}],"inLanguage":"es"},{"@type":"Organization","@id":"https:\/\/suparosario.com\/web\/#organization","name":"SINDICATO UNIDOS PORTUARIOS ARGENTINOS","url":"https:\/\/suparosario.com\/web\/","logo":{"@type":"ImageObject","inLanguage":"es","@id":"https:\/\/suparosario.com\/web\/#\/schema\/logo\/image\/","url":"https:\/\/suparosario.com\/web\/wp-content\/uploads\/2025\/12\/LOGO-NUEVO.png","contentUrl":"https:\/\/suparosario.com\/web\/wp-content\/uploads\/2025\/12\/LOGO-NUEVO.png","width":300,"height":375,"caption":"SINDICATO UNIDOS PORTUARIOS ARGENTINOS"},"image":{"@id":"https:\/\/suparosario.com\/web\/#\/schema\/logo\/image\/"}},{"@type":"Person","@id":"https:\/\/suparosario.com\/web\/#\/schema\/person\/719dbdb10dbc4306dce8392efb8b480f","name":"c2391381","image":{"@type":"ImageObject","inLanguage":"es","@id":"https:\/\/secure.gravatar.com\/avatar\/a6439a173e3c507b742e7eabe0bfe6816c7bc094df47b057f430064f25693c3b?s=80&d=mm&r=g","url":"https:\/\/secure.gravatar.com\/avatar\/a6439a173e3c507b742e7eabe0bfe6816c7bc094df47b057f430064f25693c3b?s=80&d=mm&r=g","contentUrl":"https:\/\/secure.gravatar.com\/avatar\/a6439a173e3c507b742e7eabe0bfe6816c7bc094df47b057f430064f25693c3b?s=80&d=mm&r=g","caption":"c2391381"},"url":"https:\/\/suparosario.com\/web\/author\/c2391381\/"}]}},"_links":{"self":[{"href":"https:\/\/suparosario.com\/web\/wp-json\/wp\/v2\/posts\/3612","targetHints":{"allow":["GET"]}}],"collection":[{"href":"https:\/\/suparosario.com\/web\/wp-json\/wp\/v2\/posts"}],"about":[{"href":"https:\/\/suparosario.com\/web\/wp-json\/wp\/v2\/types\/post"}],"author":[{"embeddable":true,"href":"https:\/\/suparosario.com\/web\/wp-json\/wp\/v2\/users\/2"}],"replies":[{"embeddable":true,"href":"https:\/\/suparosario.com\/web\/wp-json\/wp\/v2\/comments?post=3612"}],"version-history":[{"count":1,"href":"https:\/\/suparosario.com\/web\/wp-json\/wp\/v2\/posts\/3612\/revisions"}],"predecessor-version":[{"id":3614,"href":"https:\/\/suparosario.com\/web\/wp-json\/wp\/v2\/posts\/3612\/revisions\/3614"}],"wp:featuredmedia":[{"embeddable":true,"href":"https:\/\/suparosario.com\/web\/wp-json\/wp\/v2\/media\/3613"}],"wp:attachment":[{"href":"https:\/\/suparosario.com\/web\/wp-json\/wp\/v2\/media?parent=3612"}],"wp:term":[{"taxonomy":"category","embeddable":true,"href":"https:\/\/suparosario.com\/web\/wp-json\/wp\/v2\/categories?post=3612"},{"taxonomy":"post_tag","embeddable":true,"href":"https:\/\/suparosario.com\/web\/wp-json\/wp\/v2\/tags?post=3612"}],"curies":[{"name":"wp","href":"https:\/\/api.w.org\/{rel}","templated":true}]}}