{"id":3602,"date":"2025-07-26T00:00:28","date_gmt":"2025-07-26T00:00:28","guid":{"rendered":"https:\/\/suparosario.com\/web\/?p=3602"},"modified":"2025-07-24T22:34:44","modified_gmt":"2025-07-24T22:34:44","slug":"%f0%9f%87%a6%f0%9f%87%b7-hoy-conmemoramos-el-73-aniversario-del-paso-a-la-inmortalidad-de-eva-duarte-de-peron","status":"publish","type":"post","link":"https:\/\/suparosario.com\/web\/2025\/07\/26\/%f0%9f%87%a6%f0%9f%87%b7-hoy-conmemoramos-el-73-aniversario-del-paso-a-la-inmortalidad-de-eva-duarte-de-peron\/","title":{"rendered":"&#x1f1e6;&#x1f1f7; Hoy conmemoramos el 73\u00b0 Aniversario del paso a la inmortalidad de Eva Duarte de Per\u00f3n."},"content":{"rendered":"\n<p>La abanderada de los humildes, la voz de las mujeres y los trabajadores, sigue viva en la memoria del pueblo que la am\u00f3.<\/p>\n\n\n\n<p>&#x1f54a;&#xfe0f; \u00abCada uno de nosotros, desde su puesto, debe dar lo mejor en beneficio de todos.\u00bb \u2014 Eva Per\u00f3n<br>Una convicci\u00f3n que nos inspira d\u00eda a d\u00eda a seguir trabajando por un presente y un futuro con justicia social.<\/p>\n\n\n\n<p>&#x2728; Evita no fue solo historia, fue y es bandera, compromiso y ejemplo. Su legado late en cada conquista de derechos, en cada mujer empoderada, en cada trabajador digno.<\/p>\n\n\n\n<p>&#x1f44d; C\u00e9sar Aybar Conducci\u00f3n.<\/p>\n","protected":false},"excerpt":{"rendered":"<p>La abanderada de los humildes, la voz de las mujeres y los trabajadores, sigue viva en la memoria del pueblo que la am\u00f3. &#x1f54a;&#xfe0f; \u00abCada uno de nosotros, desde su puesto, debe dar lo mejor en beneficio de todos.\u00bb \u2014 Eva Per\u00f3nUna convicci\u00f3n que nos inspira d\u00eda a d\u00eda a seguir trabajando por un presente [&hellip;]<\/p>\n","protected":false},"author":2,"featured_media":3603,"comment_status":"open","ping_status":"open","sticky":false,"template":"","format":"standard","meta":{"footnotes":""},"categories":[63],"tags":[133,116,197],"class_list":["post-3602","post","type-post","status-publish","format-standard","has-post-thumbnail","hentry","category-novedades","tag-eva-duarte-de-peron","tag-eva-peron","tag-paso-a-la-inmortalidad-de-eva-duarte-de-peron"],"yoast_head":"<!-- This site is optimized with the Yoast SEO plugin v27.5 - https:\/\/yoast.com\/product\/yoast-seo-wordpress\/ -->\n<title>&#x1f1e6;&#x1f1f7; Hoy conmemoramos el 73\u00b0 Aniversario del paso a la inmortalidad de Eva Duarte de Per\u00f3n. - SINDICATO UNIDOS PORTUARIOS ARGENTINOS<\/title>\n<meta name=\"robots\" content=\"index, follow, max-snippet:-1, max-image-preview:large, max-video-preview:-1\" \/>\n<link rel=\"canonical\" href=\"https:\/\/suparosario.com\/web\/2025\/07\/26\/\ud83c\udde6\ud83c\uddf7-hoy-conmemoramos-el-73-aniversario-del-paso-a-la-inmortalidad-de-eva-duarte-de-peron\/\" \/>\n<meta property=\"og:locale\" content=\"es_ES\" \/>\n<meta property=\"og:type\" content=\"article\" \/>\n<meta property=\"og:title\" content=\"&#x1f1e6;&#x1f1f7; Hoy conmemoramos el 73\u00b0 Aniversario del paso a la inmortalidad de Eva Duarte de Per\u00f3n. - SINDICATO UNIDOS PORTUARIOS ARGENTINOS\" \/>\n<meta property=\"og:description\" content=\"La abanderada de los humildes, la voz de las mujeres y los trabajadores, sigue viva en la memoria del pueblo que la am\u00f3. &#x1f54a;&#xfe0f; \u00abCada uno de nosotros, desde su puesto, debe dar lo mejor en beneficio de todos.\u00bb \u2014 Eva Per\u00f3nUna convicci\u00f3n que nos inspira d\u00eda a d\u00eda a seguir trabajando por un presente [&hellip;]\" \/>\n<meta property=\"og:url\" content=\"https:\/\/suparosario.com\/web\/2025\/07\/26\/\ud83c\udde6\ud83c\uddf7-hoy-conmemoramos-el-73-aniversario-del-paso-a-la-inmortalidad-de-eva-duarte-de-peron\/\" \/>\n<meta property=\"og:site_name\" content=\"SINDICATO UNIDOS PORTUARIOS ARGENTINOS\" \/>\n<meta property=\"article:published_time\" content=\"2025-07-26T00:00:28+00:00\" \/>\n<meta property=\"og:image\" content=\"https:\/\/suparosario.com\/web\/wp-content\/uploads\/2025\/07\/9-de-Julio-1.png\" \/>\n\t<meta property=\"og:image:width\" content=\"864\" \/>\n\t<meta property=\"og:image:height\" content=\"1080\" \/>\n\t<meta property=\"og:image:type\" content=\"image\/png\" \/>\n<meta name=\"author\" content=\"c2391381\" \/>\n<meta name=\"twitter:card\" content=\"summary_large_image\" \/>\n<meta name=\"twitter:label1\" content=\"Escrito por\" \/>\n\t<meta name=\"twitter:data1\" content=\"c2391381\" \/>\n\t<meta name=\"twitter:label2\" content=\"Tiempo de lectura\" \/>\n\t<meta name=\"twitter:data2\" content=\"1 minuto\" \/>\n<script type=\"application\/ld+json\" class=\"yoast-schema-graph\">{\"@context\":\"https:\\\/\\\/schema.org\",\"@graph\":[{\"@type\":\"Article\",\"@id\":\"https:\\\/\\\/suparosario.com\\\/web\\\/2025\\\/07\\\/26\\\/%f0%9f%87%a6%f0%9f%87%b7-hoy-conmemoramos-el-73-aniversario-del-paso-a-la-inmortalidad-de-eva-duarte-de-peron\\\/#article\",\"isPartOf\":{\"@id\":\"https:\\\/\\\/suparosario.com\\\/web\\\/2025\\\/07\\\/26\\\/%f0%9f%87%a6%f0%9f%87%b7-hoy-conmemoramos-el-73-aniversario-del-paso-a-la-inmortalidad-de-eva-duarte-de-peron\\\/\"},\"author\":{\"name\":\"c2391381\",\"@id\":\"https:\\\/\\\/suparosario.com\\\/web\\\/#\\\/schema\\\/person\\\/719dbdb10dbc4306dce8392efb8b480f\"},\"headline\":\"&#x1f1e6;&#x1f1f7; Hoy conmemoramos el 73\u00b0 Aniversario del paso a la inmortalidad de Eva Duarte de Per\u00f3n.\",\"datePublished\":\"2025-07-26T00:00:28+00:00\",\"mainEntityOfPage\":{\"@id\":\"https:\\\/\\\/suparosario.com\\\/web\\\/2025\\\/07\\\/26\\\/%f0%9f%87%a6%f0%9f%87%b7-hoy-conmemoramos-el-73-aniversario-del-paso-a-la-inmortalidad-de-eva-duarte-de-peron\\\/\"},\"wordCount\":126,\"commentCount\":0,\"publisher\":{\"@id\":\"https:\\\/\\\/suparosario.com\\\/web\\\/#organization\"},\"image\":{\"@id\":\"https:\\\/\\\/suparosario.com\\\/web\\\/2025\\\/07\\\/26\\\/%f0%9f%87%a6%f0%9f%87%b7-hoy-conmemoramos-el-73-aniversario-del-paso-a-la-inmortalidad-de-eva-duarte-de-peron\\\/#primaryimage\"},\"thumbnailUrl\":\"https:\\\/\\\/suparosario.com\\\/web\\\/wp-content\\\/uploads\\\/2025\\\/07\\\/9-de-Julio-1.png\",\"keywords\":[\"Eva Duarte de Per\u00f3n\",\"EVA Per\u00f3n\",\"paso a la inmortalidad de Eva Duarte de Per\u00f3n\"],\"articleSection\":[\"Novedades\"],\"inLanguage\":\"es\",\"potentialAction\":[{\"@type\":\"CommentAction\",\"name\":\"Comment\",\"target\":[\"https:\\\/\\\/suparosario.com\\\/web\\\/2025\\\/07\\\/26\\\/%f0%9f%87%a6%f0%9f%87%b7-hoy-conmemoramos-el-73-aniversario-del-paso-a-la-inmortalidad-de-eva-duarte-de-peron\\\/#respond\"]}]},{\"@type\":\"WebPage\",\"@id\":\"https:\\\/\\\/suparosario.com\\\/web\\\/2025\\\/07\\\/26\\\/%f0%9f%87%a6%f0%9f%87%b7-hoy-conmemoramos-el-73-aniversario-del-paso-a-la-inmortalidad-de-eva-duarte-de-peron\\\/\",\"url\":\"https:\\\/\\\/suparosario.com\\\/web\\\/2025\\\/07\\\/26\\\/%f0%9f%87%a6%f0%9f%87%b7-hoy-conmemoramos-el-73-aniversario-del-paso-a-la-inmortalidad-de-eva-duarte-de-peron\\\/\",\"name\":\"&#x1f1e6;&#x1f1f7; Hoy conmemoramos el 73\u00b0 Aniversario del paso a la inmortalidad de Eva Duarte de Per\u00f3n. - SINDICATO UNIDOS PORTUARIOS ARGENTINOS\",\"isPartOf\":{\"@id\":\"https:\\\/\\\/suparosario.com\\\/web\\\/#website\"},\"primaryImageOfPage\":{\"@id\":\"https:\\\/\\\/suparosario.com\\\/web\\\/2025\\\/07\\\/26\\\/%f0%9f%87%a6%f0%9f%87%b7-hoy-conmemoramos-el-73-aniversario-del-paso-a-la-inmortalidad-de-eva-duarte-de-peron\\\/#primaryimage\"},\"image\":{\"@id\":\"https:\\\/\\\/suparosario.com\\\/web\\\/2025\\\/07\\\/26\\\/%f0%9f%87%a6%f0%9f%87%b7-hoy-conmemoramos-el-73-aniversario-del-paso-a-la-inmortalidad-de-eva-duarte-de-peron\\\/#primaryimage\"},\"thumbnailUrl\":\"https:\\\/\\\/suparosario.com\\\/web\\\/wp-content\\\/uploads\\\/2025\\\/07\\\/9-de-Julio-1.png\",\"datePublished\":\"2025-07-26T00:00:28+00:00\",\"breadcrumb\":{\"@id\":\"https:\\\/\\\/suparosario.com\\\/web\\\/2025\\\/07\\\/26\\\/%f0%9f%87%a6%f0%9f%87%b7-hoy-conmemoramos-el-73-aniversario-del-paso-a-la-inmortalidad-de-eva-duarte-de-peron\\\/#breadcrumb\"},\"inLanguage\":\"es\",\"potentialAction\":[{\"@type\":\"ReadAction\",\"target\":[\"https:\\\/\\\/suparosario.com\\\/web\\\/2025\\\/07\\\/26\\\/%f0%9f%87%a6%f0%9f%87%b7-hoy-conmemoramos-el-73-aniversario-del-paso-a-la-inmortalidad-de-eva-duarte-de-peron\\\/\"]}]},{\"@type\":\"ImageObject\",\"inLanguage\":\"es\",\"@id\":\"https:\\\/\\\/suparosario.com\\\/web\\\/2025\\\/07\\\/26\\\/%f0%9f%87%a6%f0%9f%87%b7-hoy-conmemoramos-el-73-aniversario-del-paso-a-la-inmortalidad-de-eva-duarte-de-peron\\\/#primaryimage\",\"url\":\"https:\\\/\\\/suparosario.com\\\/web\\\/wp-content\\\/uploads\\\/2025\\\/07\\\/9-de-Julio-1.png\",\"contentUrl\":\"https:\\\/\\\/suparosario.com\\\/web\\\/wp-content\\\/uploads\\\/2025\\\/07\\\/9-de-Julio-1.png\",\"width\":864,\"height\":1080},{\"@type\":\"BreadcrumbList\",\"@id\":\"https:\\\/\\\/suparosario.com\\\/web\\\/2025\\\/07\\\/26\\\/%f0%9f%87%a6%f0%9f%87%b7-hoy-conmemoramos-el-73-aniversario-del-paso-a-la-inmortalidad-de-eva-duarte-de-peron\\\/#breadcrumb\",\"itemListElement\":[{\"@type\":\"ListItem\",\"position\":1,\"name\":\"Inicio\",\"item\":\"https:\\\/\\\/suparosario.com\\\/web\\\/\"},{\"@type\":\"ListItem\",\"position\":2,\"name\":\"&#x1f1e6;&#x1f1f7; Hoy conmemoramos el 73\u00b0 Aniversario del paso a la inmortalidad de Eva Duarte de Per\u00f3n.\"}]},{\"@type\":\"WebSite\",\"@id\":\"https:\\\/\\\/suparosario.com\\\/web\\\/#website\",\"url\":\"https:\\\/\\\/suparosario.com\\\/web\\\/\",\"name\":\"SINDICATO UNIDOS PORTUARIOS ARGENTINOS\",\"description\":\"\",\"publisher\":{\"@id\":\"https:\\\/\\\/suparosario.com\\\/web\\\/#organization\"},\"potentialAction\":[{\"@type\":\"SearchAction\",\"target\":{\"@type\":\"EntryPoint\",\"urlTemplate\":\"https:\\\/\\\/suparosario.com\\\/web\\\/?s={search_term_string}\"},\"query-input\":{\"@type\":\"PropertyValueSpecification\",\"valueRequired\":true,\"valueName\":\"search_term_string\"}}],\"inLanguage\":\"es\"},{\"@type\":\"Organization\",\"@id\":\"https:\\\/\\\/suparosario.com\\\/web\\\/#organization\",\"name\":\"SINDICATO UNIDOS PORTUARIOS ARGENTINOS\",\"url\":\"https:\\\/\\\/suparosario.com\\\/web\\\/\",\"logo\":{\"@type\":\"ImageObject\",\"inLanguage\":\"es\",\"@id\":\"https:\\\/\\\/suparosario.com\\\/web\\\/#\\\/schema\\\/logo\\\/image\\\/\",\"url\":\"https:\\\/\\\/suparosario.com\\\/web\\\/wp-content\\\/uploads\\\/2025\\\/12\\\/LOGO-NUEVO.png\",\"contentUrl\":\"https:\\\/\\\/suparosario.com\\\/web\\\/wp-content\\\/uploads\\\/2025\\\/12\\\/LOGO-NUEVO.png\",\"width\":300,\"height\":375,\"caption\":\"SINDICATO UNIDOS PORTUARIOS ARGENTINOS\"},\"image\":{\"@id\":\"https:\\\/\\\/suparosario.com\\\/web\\\/#\\\/schema\\\/logo\\\/image\\\/\"}},{\"@type\":\"Person\",\"@id\":\"https:\\\/\\\/suparosario.com\\\/web\\\/#\\\/schema\\\/person\\\/719dbdb10dbc4306dce8392efb8b480f\",\"name\":\"c2391381\",\"image\":{\"@type\":\"ImageObject\",\"inLanguage\":\"es\",\"@id\":\"https:\\\/\\\/secure.gravatar.com\\\/avatar\\\/a6439a173e3c507b742e7eabe0bfe6816c7bc094df47b057f430064f25693c3b?s=80&d=mm&r=g\",\"url\":\"https:\\\/\\\/secure.gravatar.com\\\/avatar\\\/a6439a173e3c507b742e7eabe0bfe6816c7bc094df47b057f430064f25693c3b?s=80&d=mm&r=g\",\"contentUrl\":\"https:\\\/\\\/secure.gravatar.com\\\/avatar\\\/a6439a173e3c507b742e7eabe0bfe6816c7bc094df47b057f430064f25693c3b?s=80&d=mm&r=g\",\"caption\":\"c2391381\"},\"url\":\"https:\\\/\\\/suparosario.com\\\/web\\\/author\\\/c2391381\\\/\"}]}<\/script>\n<!-- \/ Yoast SEO plugin. -->","yoast_head_json":{"title":"&#x1f1e6;&#x1f1f7; Hoy conmemoramos el 73\u00b0 Aniversario del paso a la inmortalidad de Eva Duarte de Per\u00f3n. - SINDICATO UNIDOS PORTUARIOS ARGENTINOS","robots":{"index":"index","follow":"follow","max-snippet":"max-snippet:-1","max-image-preview":"max-image-preview:large","max-video-preview":"max-video-preview:-1"},"canonical":"https:\/\/suparosario.com\/web\/2025\/07\/26\/\ud83c\udde6\ud83c\uddf7-hoy-conmemoramos-el-73-aniversario-del-paso-a-la-inmortalidad-de-eva-duarte-de-peron\/","og_locale":"es_ES","og_type":"article","og_title":"&#x1f1e6;&#x1f1f7; Hoy conmemoramos el 73\u00b0 Aniversario del paso a la inmortalidad de Eva Duarte de Per\u00f3n. - SINDICATO UNIDOS PORTUARIOS ARGENTINOS","og_description":"La abanderada de los humildes, la voz de las mujeres y los trabajadores, sigue viva en la memoria del pueblo que la am\u00f3. &#x1f54a;&#xfe0f; \u00abCada uno de nosotros, desde su puesto, debe dar lo mejor en beneficio de todos.\u00bb \u2014 Eva Per\u00f3nUna convicci\u00f3n que nos inspira d\u00eda a d\u00eda a seguir trabajando por un presente [&hellip;]","og_url":"https:\/\/suparosario.com\/web\/2025\/07\/26\/\ud83c\udde6\ud83c\uddf7-hoy-conmemoramos-el-73-aniversario-del-paso-a-la-inmortalidad-de-eva-duarte-de-peron\/","og_site_name":"SINDICATO UNIDOS PORTUARIOS ARGENTINOS","article_published_time":"2025-07-26T00:00:28+00:00","og_image":[{"width":864,"height":1080,"url":"https:\/\/suparosario.com\/web\/wp-content\/uploads\/2025\/07\/9-de-Julio-1.png","type":"image\/png"}],"author":"c2391381","twitter_card":"summary_large_image","twitter_misc":{"Escrito por":"c2391381","Tiempo de lectura":"1 minuto"},"schema":{"@context":"https:\/\/schema.org","@graph":[{"@type":"Article","@id":"https:\/\/suparosario.com\/web\/2025\/07\/26\/%f0%9f%87%a6%f0%9f%87%b7-hoy-conmemoramos-el-73-aniversario-del-paso-a-la-inmortalidad-de-eva-duarte-de-peron\/#article","isPartOf":{"@id":"https:\/\/suparosario.com\/web\/2025\/07\/26\/%f0%9f%87%a6%f0%9f%87%b7-hoy-conmemoramos-el-73-aniversario-del-paso-a-la-inmortalidad-de-eva-duarte-de-peron\/"},"author":{"name":"c2391381","@id":"https:\/\/suparosario.com\/web\/#\/schema\/person\/719dbdb10dbc4306dce8392efb8b480f"},"headline":"&#x1f1e6;&#x1f1f7; Hoy conmemoramos el 73\u00b0 Aniversario del paso a la inmortalidad de Eva Duarte de Per\u00f3n.","datePublished":"2025-07-26T00:00:28+00:00","mainEntityOfPage":{"@id":"https:\/\/suparosario.com\/web\/2025\/07\/26\/%f0%9f%87%a6%f0%9f%87%b7-hoy-conmemoramos-el-73-aniversario-del-paso-a-la-inmortalidad-de-eva-duarte-de-peron\/"},"wordCount":126,"commentCount":0,"publisher":{"@id":"https:\/\/suparosario.com\/web\/#organization"},"image":{"@id":"https:\/\/suparosario.com\/web\/2025\/07\/26\/%f0%9f%87%a6%f0%9f%87%b7-hoy-conmemoramos-el-73-aniversario-del-paso-a-la-inmortalidad-de-eva-duarte-de-peron\/#primaryimage"},"thumbnailUrl":"https:\/\/suparosario.com\/web\/wp-content\/uploads\/2025\/07\/9-de-Julio-1.png","keywords":["Eva Duarte de Per\u00f3n","EVA Per\u00f3n","paso a la inmortalidad de Eva Duarte de Per\u00f3n"],"articleSection":["Novedades"],"inLanguage":"es","potentialAction":[{"@type":"CommentAction","name":"Comment","target":["https:\/\/suparosario.com\/web\/2025\/07\/26\/%f0%9f%87%a6%f0%9f%87%b7-hoy-conmemoramos-el-73-aniversario-del-paso-a-la-inmortalidad-de-eva-duarte-de-peron\/#respond"]}]},{"@type":"WebPage","@id":"https:\/\/suparosario.com\/web\/2025\/07\/26\/%f0%9f%87%a6%f0%9f%87%b7-hoy-conmemoramos-el-73-aniversario-del-paso-a-la-inmortalidad-de-eva-duarte-de-peron\/","url":"https:\/\/suparosario.com\/web\/2025\/07\/26\/%f0%9f%87%a6%f0%9f%87%b7-hoy-conmemoramos-el-73-aniversario-del-paso-a-la-inmortalidad-de-eva-duarte-de-peron\/","name":"&#x1f1e6;&#x1f1f7; Hoy conmemoramos el 73\u00b0 Aniversario del paso a la inmortalidad de Eva Duarte de Per\u00f3n. - SINDICATO UNIDOS PORTUARIOS ARGENTINOS","isPartOf":{"@id":"https:\/\/suparosario.com\/web\/#website"},"primaryImageOfPage":{"@id":"https:\/\/suparosario.com\/web\/2025\/07\/26\/%f0%9f%87%a6%f0%9f%87%b7-hoy-conmemoramos-el-73-aniversario-del-paso-a-la-inmortalidad-de-eva-duarte-de-peron\/#primaryimage"},"image":{"@id":"https:\/\/suparosario.com\/web\/2025\/07\/26\/%f0%9f%87%a6%f0%9f%87%b7-hoy-conmemoramos-el-73-aniversario-del-paso-a-la-inmortalidad-de-eva-duarte-de-peron\/#primaryimage"},"thumbnailUrl":"https:\/\/suparosario.com\/web\/wp-content\/uploads\/2025\/07\/9-de-Julio-1.png","datePublished":"2025-07-26T00:00:28+00:00","breadcrumb":{"@id":"https:\/\/suparosario.com\/web\/2025\/07\/26\/%f0%9f%87%a6%f0%9f%87%b7-hoy-conmemoramos-el-73-aniversario-del-paso-a-la-inmortalidad-de-eva-duarte-de-peron\/#breadcrumb"},"inLanguage":"es","potentialAction":[{"@type":"ReadAction","target":["https:\/\/suparosario.com\/web\/2025\/07\/26\/%f0%9f%87%a6%f0%9f%87%b7-hoy-conmemoramos-el-73-aniversario-del-paso-a-la-inmortalidad-de-eva-duarte-de-peron\/"]}]},{"@type":"ImageObject","inLanguage":"es","@id":"https:\/\/suparosario.com\/web\/2025\/07\/26\/%f0%9f%87%a6%f0%9f%87%b7-hoy-conmemoramos-el-73-aniversario-del-paso-a-la-inmortalidad-de-eva-duarte-de-peron\/#primaryimage","url":"https:\/\/suparosario.com\/web\/wp-content\/uploads\/2025\/07\/9-de-Julio-1.png","contentUrl":"https:\/\/suparosario.com\/web\/wp-content\/uploads\/2025\/07\/9-de-Julio-1.png","width":864,"height":1080},{"@type":"BreadcrumbList","@id":"https:\/\/suparosario.com\/web\/2025\/07\/26\/%f0%9f%87%a6%f0%9f%87%b7-hoy-conmemoramos-el-73-aniversario-del-paso-a-la-inmortalidad-de-eva-duarte-de-peron\/#breadcrumb","itemListElement":[{"@type":"ListItem","position":1,"name":"Inicio","item":"https:\/\/suparosario.com\/web\/"},{"@type":"ListItem","position":2,"name":"&#x1f1e6;&#x1f1f7; Hoy conmemoramos el 73\u00b0 Aniversario del paso a la inmortalidad de Eva Duarte de Per\u00f3n."}]},{"@type":"WebSite","@id":"https:\/\/suparosario.com\/web\/#website","url":"https:\/\/suparosario.com\/web\/","name":"SINDICATO UNIDOS PORTUARIOS ARGENTINOS","description":"","publisher":{"@id":"https:\/\/suparosario.com\/web\/#organization"},"potentialAction":[{"@type":"SearchAction","target":{"@type":"EntryPoint","urlTemplate":"https:\/\/suparosario.com\/web\/?s={search_term_string}"},"query-input":{"@type":"PropertyValueSpecification","valueRequired":true,"valueName":"search_term_string"}}],"inLanguage":"es"},{"@type":"Organization","@id":"https:\/\/suparosario.com\/web\/#organization","name":"SINDICATO UNIDOS PORTUARIOS ARGENTINOS","url":"https:\/\/suparosario.com\/web\/","logo":{"@type":"ImageObject","inLanguage":"es","@id":"https:\/\/suparosario.com\/web\/#\/schema\/logo\/image\/","url":"https:\/\/suparosario.com\/web\/wp-content\/uploads\/2025\/12\/LOGO-NUEVO.png","contentUrl":"https:\/\/suparosario.com\/web\/wp-content\/uploads\/2025\/12\/LOGO-NUEVO.png","width":300,"height":375,"caption":"SINDICATO UNIDOS PORTUARIOS ARGENTINOS"},"image":{"@id":"https:\/\/suparosario.com\/web\/#\/schema\/logo\/image\/"}},{"@type":"Person","@id":"https:\/\/suparosario.com\/web\/#\/schema\/person\/719dbdb10dbc4306dce8392efb8b480f","name":"c2391381","image":{"@type":"ImageObject","inLanguage":"es","@id":"https:\/\/secure.gravatar.com\/avatar\/a6439a173e3c507b742e7eabe0bfe6816c7bc094df47b057f430064f25693c3b?s=80&d=mm&r=g","url":"https:\/\/secure.gravatar.com\/avatar\/a6439a173e3c507b742e7eabe0bfe6816c7bc094df47b057f430064f25693c3b?s=80&d=mm&r=g","contentUrl":"https:\/\/secure.gravatar.com\/avatar\/a6439a173e3c507b742e7eabe0bfe6816c7bc094df47b057f430064f25693c3b?s=80&d=mm&r=g","caption":"c2391381"},"url":"https:\/\/suparosario.com\/web\/author\/c2391381\/"}]}},"_links":{"self":[{"href":"https:\/\/suparosario.com\/web\/wp-json\/wp\/v2\/posts\/3602","targetHints":{"allow":["GET"]}}],"collection":[{"href":"https:\/\/suparosario.com\/web\/wp-json\/wp\/v2\/posts"}],"about":[{"href":"https:\/\/suparosario.com\/web\/wp-json\/wp\/v2\/types\/post"}],"author":[{"embeddable":true,"href":"https:\/\/suparosario.com\/web\/wp-json\/wp\/v2\/users\/2"}],"replies":[{"embeddable":true,"href":"https:\/\/suparosario.com\/web\/wp-json\/wp\/v2\/comments?post=3602"}],"version-history":[{"count":1,"href":"https:\/\/suparosario.com\/web\/wp-json\/wp\/v2\/posts\/3602\/revisions"}],"predecessor-version":[{"id":3604,"href":"https:\/\/suparosario.com\/web\/wp-json\/wp\/v2\/posts\/3602\/revisions\/3604"}],"wp:featuredmedia":[{"embeddable":true,"href":"https:\/\/suparosario.com\/web\/wp-json\/wp\/v2\/media\/3603"}],"wp:attachment":[{"href":"https:\/\/suparosario.com\/web\/wp-json\/wp\/v2\/media?parent=3602"}],"wp:term":[{"taxonomy":"category","embeddable":true,"href":"https:\/\/suparosario.com\/web\/wp-json\/wp\/v2\/categories?post=3602"},{"taxonomy":"post_tag","embeddable":true,"href":"https:\/\/suparosario.com\/web\/wp-json\/wp\/v2\/tags?post=3602"}],"curies":[{"name":"wp","href":"https:\/\/api.w.org\/{rel}","templated":true}]}}