{"id":3535,"date":"2025-06-20T00:00:48","date_gmt":"2025-06-20T00:00:48","guid":{"rendered":"https:\/\/suparosario.com\/web\/?p=3535"},"modified":"2025-06-17T20:17:59","modified_gmt":"2025-06-17T20:17:59","slug":"%f0%9f%87%a6%f0%9f%87%b720-de-junio-dia-de-la-bandera%f0%9f%87%a6%f0%9f%87%b7","status":"publish","type":"post","link":"https:\/\/suparosario.com\/web\/2025\/06\/20\/%f0%9f%87%a6%f0%9f%87%b720-de-junio-dia-de-la-bandera%f0%9f%87%a6%f0%9f%87%b7\/","title":{"rendered":"&#x1f1e6;&#x1f1f7;20 de junio &#8211; D\u00eda de la Bandera&#x1f1e6;&#x1f1f7;"},"content":{"rendered":"\n<p>&#x1f1e6;&#x1f1f7;Hoy celebramos con orgullo el D\u00eda de la Bandera, recordando al gran Manuel Belgrano, creador de nuestro s\u00edmbolo patrio. Su legado vive en cada rinc\u00f3n de nuestra querida ciudad de Rosario, donde flamea con fuerza y esperanza&#x1f1e6;&#x1f1f7;<\/p>\n\n\n\n<p>&#x1f64c;Que nuestra bandera nos inspire a seguir adelante con compromiso y unidad&#x1f64c;<\/p>\n\n\n\n<p>&#x1f44d; C\u00e9sar Aybar Conducci\u00f3n.<\/p>\n","protected":false},"excerpt":{"rendered":"<p>&#x1f1e6;&#x1f1f7;Hoy celebramos con orgullo el D\u00eda de la Bandera, recordando al gran Manuel Belgrano, creador de nuestro s\u00edmbolo patrio. Su legado vive en cada rinc\u00f3n de nuestra querida ciudad de Rosario, donde flamea con fuerza y esperanza&#x1f1e6;&#x1f1f7; &#x1f64c;Que nuestra bandera nos inspire a seguir adelante con compromiso y unidad&#x1f64c; &#x1f44d; C\u00e9sar Aybar Conducci\u00f3n.<\/p>\n","protected":false},"author":2,"featured_media":3536,"comment_status":"open","ping_status":"open","sticky":false,"template":"","format":"standard","meta":{"footnotes":""},"categories":[63],"tags":[191],"class_list":["post-3535","post","type-post","status-publish","format-standard","has-post-thumbnail","hentry","category-novedades","tag-20-de-junio"],"yoast_head":"<!-- This site is optimized with the Yoast SEO plugin v27.5 - https:\/\/yoast.com\/product\/yoast-seo-wordpress\/ -->\n<title>&#x1f1e6;&#x1f1f7;20 de junio - D\u00eda de la Bandera&#x1f1e6;&#x1f1f7; - SINDICATO UNIDOS PORTUARIOS ARGENTINOS<\/title>\n<meta name=\"robots\" content=\"index, follow, max-snippet:-1, max-image-preview:large, max-video-preview:-1\" \/>\n<link rel=\"canonical\" href=\"https:\/\/suparosario.com\/web\/2025\/06\/20\/\ud83c\udde6\ud83c\uddf720-de-junio-dia-de-la-bandera\ud83c\udde6\ud83c\uddf7\/\" \/>\n<meta property=\"og:locale\" content=\"es_ES\" \/>\n<meta property=\"og:type\" content=\"article\" \/>\n<meta property=\"og:title\" content=\"&#x1f1e6;&#x1f1f7;20 de junio - D\u00eda de la Bandera&#x1f1e6;&#x1f1f7; - SINDICATO UNIDOS PORTUARIOS ARGENTINOS\" \/>\n<meta property=\"og:description\" content=\"&#x1f1e6;&#x1f1f7;Hoy celebramos con orgullo el D\u00eda de la Bandera, recordando al gran Manuel Belgrano, creador de nuestro s\u00edmbolo patrio. Su legado vive en cada rinc\u00f3n de nuestra querida ciudad de Rosario, donde flamea con fuerza y esperanza&#x1f1e6;&#x1f1f7; &#x1f64c;Que nuestra bandera nos inspire a seguir adelante con compromiso y unidad&#x1f64c; &#x1f44d; C\u00e9sar Aybar Conducci\u00f3n.\" \/>\n<meta property=\"og:url\" content=\"https:\/\/suparosario.com\/web\/2025\/06\/20\/\ud83c\udde6\ud83c\uddf720-de-junio-dia-de-la-bandera\ud83c\udde6\ud83c\uddf7\/\" \/>\n<meta property=\"og:site_name\" content=\"SINDICATO UNIDOS PORTUARIOS ARGENTINOS\" \/>\n<meta property=\"article:published_time\" content=\"2025-06-20T00:00:48+00:00\" \/>\n<meta property=\"og:image\" content=\"https:\/\/suparosario.com\/web\/wp-content\/uploads\/2025\/06\/Bandera.jpg\" \/>\n\t<meta property=\"og:image:width\" content=\"1080\" \/>\n\t<meta property=\"og:image:height\" content=\"1350\" \/>\n\t<meta property=\"og:image:type\" content=\"image\/jpeg\" \/>\n<meta name=\"author\" content=\"c2391381\" \/>\n<meta name=\"twitter:card\" content=\"summary_large_image\" \/>\n<meta name=\"twitter:label1\" content=\"Escrito por\" \/>\n\t<meta name=\"twitter:data1\" content=\"c2391381\" \/>\n\t<meta name=\"twitter:label2\" content=\"Tiempo de lectura\" \/>\n\t<meta name=\"twitter:data2\" content=\"1 minuto\" \/>\n<script type=\"application\/ld+json\" class=\"yoast-schema-graph\">{\"@context\":\"https:\\\/\\\/schema.org\",\"@graph\":[{\"@type\":\"Article\",\"@id\":\"https:\\\/\\\/suparosario.com\\\/web\\\/2025\\\/06\\\/20\\\/%f0%9f%87%a6%f0%9f%87%b720-de-junio-dia-de-la-bandera%f0%9f%87%a6%f0%9f%87%b7\\\/#article\",\"isPartOf\":{\"@id\":\"https:\\\/\\\/suparosario.com\\\/web\\\/2025\\\/06\\\/20\\\/%f0%9f%87%a6%f0%9f%87%b720-de-junio-dia-de-la-bandera%f0%9f%87%a6%f0%9f%87%b7\\\/\"},\"author\":{\"name\":\"c2391381\",\"@id\":\"https:\\\/\\\/suparosario.com\\\/web\\\/#\\\/schema\\\/person\\\/719dbdb10dbc4306dce8392efb8b480f\"},\"headline\":\"&#x1f1e6;&#x1f1f7;20 de junio &#8211; D\u00eda de la Bandera&#x1f1e6;&#x1f1f7;\",\"datePublished\":\"2025-06-20T00:00:48+00:00\",\"mainEntityOfPage\":{\"@id\":\"https:\\\/\\\/suparosario.com\\\/web\\\/2025\\\/06\\\/20\\\/%f0%9f%87%a6%f0%9f%87%b720-de-junio-dia-de-la-bandera%f0%9f%87%a6%f0%9f%87%b7\\\/\"},\"wordCount\":98,\"commentCount\":0,\"publisher\":{\"@id\":\"https:\\\/\\\/suparosario.com\\\/web\\\/#organization\"},\"image\":{\"@id\":\"https:\\\/\\\/suparosario.com\\\/web\\\/2025\\\/06\\\/20\\\/%f0%9f%87%a6%f0%9f%87%b720-de-junio-dia-de-la-bandera%f0%9f%87%a6%f0%9f%87%b7\\\/#primaryimage\"},\"thumbnailUrl\":\"https:\\\/\\\/suparosario.com\\\/web\\\/wp-content\\\/uploads\\\/2025\\\/06\\\/Bandera.jpg\",\"keywords\":[\"20 de junio\"],\"articleSection\":[\"Novedades\"],\"inLanguage\":\"es\",\"potentialAction\":[{\"@type\":\"CommentAction\",\"name\":\"Comment\",\"target\":[\"https:\\\/\\\/suparosario.com\\\/web\\\/2025\\\/06\\\/20\\\/%f0%9f%87%a6%f0%9f%87%b720-de-junio-dia-de-la-bandera%f0%9f%87%a6%f0%9f%87%b7\\\/#respond\"]}]},{\"@type\":\"WebPage\",\"@id\":\"https:\\\/\\\/suparosario.com\\\/web\\\/2025\\\/06\\\/20\\\/%f0%9f%87%a6%f0%9f%87%b720-de-junio-dia-de-la-bandera%f0%9f%87%a6%f0%9f%87%b7\\\/\",\"url\":\"https:\\\/\\\/suparosario.com\\\/web\\\/2025\\\/06\\\/20\\\/%f0%9f%87%a6%f0%9f%87%b720-de-junio-dia-de-la-bandera%f0%9f%87%a6%f0%9f%87%b7\\\/\",\"name\":\"&#x1f1e6;&#x1f1f7;20 de junio - D\u00eda de la Bandera&#x1f1e6;&#x1f1f7; - SINDICATO UNIDOS PORTUARIOS ARGENTINOS\",\"isPartOf\":{\"@id\":\"https:\\\/\\\/suparosario.com\\\/web\\\/#website\"},\"primaryImageOfPage\":{\"@id\":\"https:\\\/\\\/suparosario.com\\\/web\\\/2025\\\/06\\\/20\\\/%f0%9f%87%a6%f0%9f%87%b720-de-junio-dia-de-la-bandera%f0%9f%87%a6%f0%9f%87%b7\\\/#primaryimage\"},\"image\":{\"@id\":\"https:\\\/\\\/suparosario.com\\\/web\\\/2025\\\/06\\\/20\\\/%f0%9f%87%a6%f0%9f%87%b720-de-junio-dia-de-la-bandera%f0%9f%87%a6%f0%9f%87%b7\\\/#primaryimage\"},\"thumbnailUrl\":\"https:\\\/\\\/suparosario.com\\\/web\\\/wp-content\\\/uploads\\\/2025\\\/06\\\/Bandera.jpg\",\"datePublished\":\"2025-06-20T00:00:48+00:00\",\"breadcrumb\":{\"@id\":\"https:\\\/\\\/suparosario.com\\\/web\\\/2025\\\/06\\\/20\\\/%f0%9f%87%a6%f0%9f%87%b720-de-junio-dia-de-la-bandera%f0%9f%87%a6%f0%9f%87%b7\\\/#breadcrumb\"},\"inLanguage\":\"es\",\"potentialAction\":[{\"@type\":\"ReadAction\",\"target\":[\"https:\\\/\\\/suparosario.com\\\/web\\\/2025\\\/06\\\/20\\\/%f0%9f%87%a6%f0%9f%87%b720-de-junio-dia-de-la-bandera%f0%9f%87%a6%f0%9f%87%b7\\\/\"]}]},{\"@type\":\"ImageObject\",\"inLanguage\":\"es\",\"@id\":\"https:\\\/\\\/suparosario.com\\\/web\\\/2025\\\/06\\\/20\\\/%f0%9f%87%a6%f0%9f%87%b720-de-junio-dia-de-la-bandera%f0%9f%87%a6%f0%9f%87%b7\\\/#primaryimage\",\"url\":\"https:\\\/\\\/suparosario.com\\\/web\\\/wp-content\\\/uploads\\\/2025\\\/06\\\/Bandera.jpg\",\"contentUrl\":\"https:\\\/\\\/suparosario.com\\\/web\\\/wp-content\\\/uploads\\\/2025\\\/06\\\/Bandera.jpg\",\"width\":1080,\"height\":1350,\"caption\":\"20 de junio - D\u00eda de la Bandera\"},{\"@type\":\"BreadcrumbList\",\"@id\":\"https:\\\/\\\/suparosario.com\\\/web\\\/2025\\\/06\\\/20\\\/%f0%9f%87%a6%f0%9f%87%b720-de-junio-dia-de-la-bandera%f0%9f%87%a6%f0%9f%87%b7\\\/#breadcrumb\",\"itemListElement\":[{\"@type\":\"ListItem\",\"position\":1,\"name\":\"Inicio\",\"item\":\"https:\\\/\\\/suparosario.com\\\/web\\\/\"},{\"@type\":\"ListItem\",\"position\":2,\"name\":\"&#x1f1e6;&#x1f1f7;20 de junio &#8211; D\u00eda de la Bandera&#x1f1e6;&#x1f1f7;\"}]},{\"@type\":\"WebSite\",\"@id\":\"https:\\\/\\\/suparosario.com\\\/web\\\/#website\",\"url\":\"https:\\\/\\\/suparosario.com\\\/web\\\/\",\"name\":\"SINDICATO UNIDOS PORTUARIOS ARGENTINOS\",\"description\":\"\",\"publisher\":{\"@id\":\"https:\\\/\\\/suparosario.com\\\/web\\\/#organization\"},\"potentialAction\":[{\"@type\":\"SearchAction\",\"target\":{\"@type\":\"EntryPoint\",\"urlTemplate\":\"https:\\\/\\\/suparosario.com\\\/web\\\/?s={search_term_string}\"},\"query-input\":{\"@type\":\"PropertyValueSpecification\",\"valueRequired\":true,\"valueName\":\"search_term_string\"}}],\"inLanguage\":\"es\"},{\"@type\":\"Organization\",\"@id\":\"https:\\\/\\\/suparosario.com\\\/web\\\/#organization\",\"name\":\"SINDICATO UNIDOS PORTUARIOS ARGENTINOS\",\"url\":\"https:\\\/\\\/suparosario.com\\\/web\\\/\",\"logo\":{\"@type\":\"ImageObject\",\"inLanguage\":\"es\",\"@id\":\"https:\\\/\\\/suparosario.com\\\/web\\\/#\\\/schema\\\/logo\\\/image\\\/\",\"url\":\"https:\\\/\\\/suparosario.com\\\/web\\\/wp-content\\\/uploads\\\/2025\\\/12\\\/LOGO-NUEVO.png\",\"contentUrl\":\"https:\\\/\\\/suparosario.com\\\/web\\\/wp-content\\\/uploads\\\/2025\\\/12\\\/LOGO-NUEVO.png\",\"width\":300,\"height\":375,\"caption\":\"SINDICATO UNIDOS PORTUARIOS ARGENTINOS\"},\"image\":{\"@id\":\"https:\\\/\\\/suparosario.com\\\/web\\\/#\\\/schema\\\/logo\\\/image\\\/\"}},{\"@type\":\"Person\",\"@id\":\"https:\\\/\\\/suparosario.com\\\/web\\\/#\\\/schema\\\/person\\\/719dbdb10dbc4306dce8392efb8b480f\",\"name\":\"c2391381\",\"image\":{\"@type\":\"ImageObject\",\"inLanguage\":\"es\",\"@id\":\"https:\\\/\\\/secure.gravatar.com\\\/avatar\\\/a6439a173e3c507b742e7eabe0bfe6816c7bc094df47b057f430064f25693c3b?s=80&d=mm&r=g\",\"url\":\"https:\\\/\\\/secure.gravatar.com\\\/avatar\\\/a6439a173e3c507b742e7eabe0bfe6816c7bc094df47b057f430064f25693c3b?s=80&d=mm&r=g\",\"contentUrl\":\"https:\\\/\\\/secure.gravatar.com\\\/avatar\\\/a6439a173e3c507b742e7eabe0bfe6816c7bc094df47b057f430064f25693c3b?s=80&d=mm&r=g\",\"caption\":\"c2391381\"},\"url\":\"https:\\\/\\\/suparosario.com\\\/web\\\/author\\\/c2391381\\\/\"}]}<\/script>\n<!-- \/ Yoast SEO plugin. -->","yoast_head_json":{"title":"&#x1f1e6;&#x1f1f7;20 de junio - D\u00eda de la Bandera&#x1f1e6;&#x1f1f7; - SINDICATO UNIDOS PORTUARIOS ARGENTINOS","robots":{"index":"index","follow":"follow","max-snippet":"max-snippet:-1","max-image-preview":"max-image-preview:large","max-video-preview":"max-video-preview:-1"},"canonical":"https:\/\/suparosario.com\/web\/2025\/06\/20\/\ud83c\udde6\ud83c\uddf720-de-junio-dia-de-la-bandera\ud83c\udde6\ud83c\uddf7\/","og_locale":"es_ES","og_type":"article","og_title":"&#x1f1e6;&#x1f1f7;20 de junio - D\u00eda de la Bandera&#x1f1e6;&#x1f1f7; - SINDICATO UNIDOS PORTUARIOS ARGENTINOS","og_description":"&#x1f1e6;&#x1f1f7;Hoy celebramos con orgullo el D\u00eda de la Bandera, recordando al gran Manuel Belgrano, creador de nuestro s\u00edmbolo patrio. Su legado vive en cada rinc\u00f3n de nuestra querida ciudad de Rosario, donde flamea con fuerza y esperanza&#x1f1e6;&#x1f1f7; &#x1f64c;Que nuestra bandera nos inspire a seguir adelante con compromiso y unidad&#x1f64c; &#x1f44d; C\u00e9sar Aybar Conducci\u00f3n.","og_url":"https:\/\/suparosario.com\/web\/2025\/06\/20\/\ud83c\udde6\ud83c\uddf720-de-junio-dia-de-la-bandera\ud83c\udde6\ud83c\uddf7\/","og_site_name":"SINDICATO UNIDOS PORTUARIOS ARGENTINOS","article_published_time":"2025-06-20T00:00:48+00:00","og_image":[{"width":1080,"height":1350,"url":"https:\/\/suparosario.com\/web\/wp-content\/uploads\/2025\/06\/Bandera.jpg","type":"image\/jpeg"}],"author":"c2391381","twitter_card":"summary_large_image","twitter_misc":{"Escrito por":"c2391381","Tiempo de lectura":"1 minuto"},"schema":{"@context":"https:\/\/schema.org","@graph":[{"@type":"Article","@id":"https:\/\/suparosario.com\/web\/2025\/06\/20\/%f0%9f%87%a6%f0%9f%87%b720-de-junio-dia-de-la-bandera%f0%9f%87%a6%f0%9f%87%b7\/#article","isPartOf":{"@id":"https:\/\/suparosario.com\/web\/2025\/06\/20\/%f0%9f%87%a6%f0%9f%87%b720-de-junio-dia-de-la-bandera%f0%9f%87%a6%f0%9f%87%b7\/"},"author":{"name":"c2391381","@id":"https:\/\/suparosario.com\/web\/#\/schema\/person\/719dbdb10dbc4306dce8392efb8b480f"},"headline":"&#x1f1e6;&#x1f1f7;20 de junio &#8211; D\u00eda de la Bandera&#x1f1e6;&#x1f1f7;","datePublished":"2025-06-20T00:00:48+00:00","mainEntityOfPage":{"@id":"https:\/\/suparosario.com\/web\/2025\/06\/20\/%f0%9f%87%a6%f0%9f%87%b720-de-junio-dia-de-la-bandera%f0%9f%87%a6%f0%9f%87%b7\/"},"wordCount":98,"commentCount":0,"publisher":{"@id":"https:\/\/suparosario.com\/web\/#organization"},"image":{"@id":"https:\/\/suparosario.com\/web\/2025\/06\/20\/%f0%9f%87%a6%f0%9f%87%b720-de-junio-dia-de-la-bandera%f0%9f%87%a6%f0%9f%87%b7\/#primaryimage"},"thumbnailUrl":"https:\/\/suparosario.com\/web\/wp-content\/uploads\/2025\/06\/Bandera.jpg","keywords":["20 de junio"],"articleSection":["Novedades"],"inLanguage":"es","potentialAction":[{"@type":"CommentAction","name":"Comment","target":["https:\/\/suparosario.com\/web\/2025\/06\/20\/%f0%9f%87%a6%f0%9f%87%b720-de-junio-dia-de-la-bandera%f0%9f%87%a6%f0%9f%87%b7\/#respond"]}]},{"@type":"WebPage","@id":"https:\/\/suparosario.com\/web\/2025\/06\/20\/%f0%9f%87%a6%f0%9f%87%b720-de-junio-dia-de-la-bandera%f0%9f%87%a6%f0%9f%87%b7\/","url":"https:\/\/suparosario.com\/web\/2025\/06\/20\/%f0%9f%87%a6%f0%9f%87%b720-de-junio-dia-de-la-bandera%f0%9f%87%a6%f0%9f%87%b7\/","name":"&#x1f1e6;&#x1f1f7;20 de junio - D\u00eda de la Bandera&#x1f1e6;&#x1f1f7; - SINDICATO UNIDOS PORTUARIOS ARGENTINOS","isPartOf":{"@id":"https:\/\/suparosario.com\/web\/#website"},"primaryImageOfPage":{"@id":"https:\/\/suparosario.com\/web\/2025\/06\/20\/%f0%9f%87%a6%f0%9f%87%b720-de-junio-dia-de-la-bandera%f0%9f%87%a6%f0%9f%87%b7\/#primaryimage"},"image":{"@id":"https:\/\/suparosario.com\/web\/2025\/06\/20\/%f0%9f%87%a6%f0%9f%87%b720-de-junio-dia-de-la-bandera%f0%9f%87%a6%f0%9f%87%b7\/#primaryimage"},"thumbnailUrl":"https:\/\/suparosario.com\/web\/wp-content\/uploads\/2025\/06\/Bandera.jpg","datePublished":"2025-06-20T00:00:48+00:00","breadcrumb":{"@id":"https:\/\/suparosario.com\/web\/2025\/06\/20\/%f0%9f%87%a6%f0%9f%87%b720-de-junio-dia-de-la-bandera%f0%9f%87%a6%f0%9f%87%b7\/#breadcrumb"},"inLanguage":"es","potentialAction":[{"@type":"ReadAction","target":["https:\/\/suparosario.com\/web\/2025\/06\/20\/%f0%9f%87%a6%f0%9f%87%b720-de-junio-dia-de-la-bandera%f0%9f%87%a6%f0%9f%87%b7\/"]}]},{"@type":"ImageObject","inLanguage":"es","@id":"https:\/\/suparosario.com\/web\/2025\/06\/20\/%f0%9f%87%a6%f0%9f%87%b720-de-junio-dia-de-la-bandera%f0%9f%87%a6%f0%9f%87%b7\/#primaryimage","url":"https:\/\/suparosario.com\/web\/wp-content\/uploads\/2025\/06\/Bandera.jpg","contentUrl":"https:\/\/suparosario.com\/web\/wp-content\/uploads\/2025\/06\/Bandera.jpg","width":1080,"height":1350,"caption":"20 de junio - D\u00eda de la Bandera"},{"@type":"BreadcrumbList","@id":"https:\/\/suparosario.com\/web\/2025\/06\/20\/%f0%9f%87%a6%f0%9f%87%b720-de-junio-dia-de-la-bandera%f0%9f%87%a6%f0%9f%87%b7\/#breadcrumb","itemListElement":[{"@type":"ListItem","position":1,"name":"Inicio","item":"https:\/\/suparosario.com\/web\/"},{"@type":"ListItem","position":2,"name":"&#x1f1e6;&#x1f1f7;20 de junio &#8211; D\u00eda de la Bandera&#x1f1e6;&#x1f1f7;"}]},{"@type":"WebSite","@id":"https:\/\/suparosario.com\/web\/#website","url":"https:\/\/suparosario.com\/web\/","name":"SINDICATO UNIDOS PORTUARIOS ARGENTINOS","description":"","publisher":{"@id":"https:\/\/suparosario.com\/web\/#organization"},"potentialAction":[{"@type":"SearchAction","target":{"@type":"EntryPoint","urlTemplate":"https:\/\/suparosario.com\/web\/?s={search_term_string}"},"query-input":{"@type":"PropertyValueSpecification","valueRequired":true,"valueName":"search_term_string"}}],"inLanguage":"es"},{"@type":"Organization","@id":"https:\/\/suparosario.com\/web\/#organization","name":"SINDICATO UNIDOS PORTUARIOS ARGENTINOS","url":"https:\/\/suparosario.com\/web\/","logo":{"@type":"ImageObject","inLanguage":"es","@id":"https:\/\/suparosario.com\/web\/#\/schema\/logo\/image\/","url":"https:\/\/suparosario.com\/web\/wp-content\/uploads\/2025\/12\/LOGO-NUEVO.png","contentUrl":"https:\/\/suparosario.com\/web\/wp-content\/uploads\/2025\/12\/LOGO-NUEVO.png","width":300,"height":375,"caption":"SINDICATO UNIDOS PORTUARIOS ARGENTINOS"},"image":{"@id":"https:\/\/suparosario.com\/web\/#\/schema\/logo\/image\/"}},{"@type":"Person","@id":"https:\/\/suparosario.com\/web\/#\/schema\/person\/719dbdb10dbc4306dce8392efb8b480f","name":"c2391381","image":{"@type":"ImageObject","inLanguage":"es","@id":"https:\/\/secure.gravatar.com\/avatar\/a6439a173e3c507b742e7eabe0bfe6816c7bc094df47b057f430064f25693c3b?s=80&d=mm&r=g","url":"https:\/\/secure.gravatar.com\/avatar\/a6439a173e3c507b742e7eabe0bfe6816c7bc094df47b057f430064f25693c3b?s=80&d=mm&r=g","contentUrl":"https:\/\/secure.gravatar.com\/avatar\/a6439a173e3c507b742e7eabe0bfe6816c7bc094df47b057f430064f25693c3b?s=80&d=mm&r=g","caption":"c2391381"},"url":"https:\/\/suparosario.com\/web\/author\/c2391381\/"}]}},"_links":{"self":[{"href":"https:\/\/suparosario.com\/web\/wp-json\/wp\/v2\/posts\/3535","targetHints":{"allow":["GET"]}}],"collection":[{"href":"https:\/\/suparosario.com\/web\/wp-json\/wp\/v2\/posts"}],"about":[{"href":"https:\/\/suparosario.com\/web\/wp-json\/wp\/v2\/types\/post"}],"author":[{"embeddable":true,"href":"https:\/\/suparosario.com\/web\/wp-json\/wp\/v2\/users\/2"}],"replies":[{"embeddable":true,"href":"https:\/\/suparosario.com\/web\/wp-json\/wp\/v2\/comments?post=3535"}],"version-history":[{"count":1,"href":"https:\/\/suparosario.com\/web\/wp-json\/wp\/v2\/posts\/3535\/revisions"}],"predecessor-version":[{"id":3537,"href":"https:\/\/suparosario.com\/web\/wp-json\/wp\/v2\/posts\/3535\/revisions\/3537"}],"wp:featuredmedia":[{"embeddable":true,"href":"https:\/\/suparosario.com\/web\/wp-json\/wp\/v2\/media\/3536"}],"wp:attachment":[{"href":"https:\/\/suparosario.com\/web\/wp-json\/wp\/v2\/media?parent=3535"}],"wp:term":[{"taxonomy":"category","embeddable":true,"href":"https:\/\/suparosario.com\/web\/wp-json\/wp\/v2\/categories?post=3535"},{"taxonomy":"post_tag","embeddable":true,"href":"https:\/\/suparosario.com\/web\/wp-json\/wp\/v2\/tags?post=3535"}],"curies":[{"name":"wp","href":"https:\/\/api.w.org\/{rel}","templated":true}]}}